{"id":3390,"date":"2025-06-30T03:25:40","date_gmt":"2025-06-30T01:25:40","guid":{"rendered":"https:\/\/www.diagnostika-mysli.cz\/blog\/autismus\/jak-rozpoznat-autismus\/"},"modified":"2025-06-30T03:25:40","modified_gmt":"2025-06-30T01:25:40","slug":"jak-rozpoznat-autismus","status":"publish","type":"post","link":"https:\/\/www.diagnostika-mysli.cz\/blog\/autismus\/jak-rozpoznat-autismus\/","title":{"rendered":"Jak rozpoznat autismus"},"content":{"rendered":"<div class='topics'>\n<div class='topic'>\n<h2>Co je autismus a jak\u00e9 jsou jeho p\u0159\u00edznaky?<\/h2>\n<p>Autismus je neurov\u00fdvojov\u00e1 porucha, kter\u00e1 ovliv\u0148uje komunikaci a soci\u00e1ln\u00ed interakci jedince. Tato porucha se projevuje ji\u017e v ran\u00e9m d\u011btstv\u00ed a trv\u00e1 cel\u00fd \u017eivot. Jej\u00ed p\u0159\u00ed\u010dina nen\u00ed zcela zn\u00e1ma, ale v\u011bdci se domn\u00edvaj\u00ed, \u017ee m\u016f\u017ee b\u00fdt zp\u016fsobena kombinac\u00ed genetick\u00fdch a environment\u00e1ln\u00edch faktor\u016f.<\/p>\n<p>Jedn\u00edm z hlavn\u00edch p\u0159\u00edznak\u016f autismu je probl\u00e9m s komunikac\u00ed. D\u011bti s touto poruchou maj\u00ed \u010dasto probl\u00e9my s verb\u00e1ln\u00ed komunikac\u00ed a mohou m\u00edt omezen\u00fd slovn\u00ed z\u00e1sobn\u00edk. Mnoho z nich tak\u00e9 nem\u00e1 schopnost porozum\u011bt nonverb\u00e1ln\u00edm sign\u00e1l\u016fm, jako jsou nap\u0159\u00edklad gesta a mimika. To m\u016f\u017ee v\u00e9st k nedorozum\u011bn\u00edm a probl\u00e9m\u016fm v komunikaci s ostatn\u00edmi.<\/p>\n<p>Dal\u0161\u00edm v\u00fdznamn\u00fdm p\u0159\u00edznakem autismu je omezen\u00fd z\u00e1jem o soci\u00e1ln\u00ed interakci. D\u011bti s touto poruchou<\/p>\n<\/div>\n<div class='topic'>\n<h2>&#8211; Vysv\u011btlen\u00ed, co je autismus a jak se projevuje u jedinc\u016f.<\/h2>\n<p>Autismus je neurov\u00fdvojov\u00e1 porucha, kter\u00e1 ovliv\u0148uje komunikaci a soci\u00e1ln\u00ed interakci jedince. Tato porucha se projevuje ji\u017e od ran\u00e9ho d\u011btstv\u00ed a m\u016f\u017ee m\u00edt r\u016fzn\u00e9 formy a stupn\u011b z\u00e1va\u017enosti. Jedinci s autismem maj\u00ed \u010dasto probl\u00e9my s porozum\u011bn\u00edm verb\u00e1ln\u00edho i neverb\u00e1ln\u00edho komunika\u010dn\u00edho projevu a mohou m\u00edt omezen\u00e9 z\u00e1jmy a opakuj\u00edc\u00ed se chov\u00e1n\u00ed.<\/p>\n<p>Mezi hlavn\u00ed p\u0159\u00edznaky autismu pat\u0159\u00ed probl\u00e9my s komunikac\u00ed a soci\u00e1ln\u00ed interakc\u00ed. Jedinci s touto poruchou mohou m\u00edt probl\u00e9my s porozum\u011bn\u00edm \u0159e\u010di a mohou m\u00edt omezenou schopnost vyjad\u0159ovat sv\u00e9 my\u0161lenky a pocity. Mohou tak\u00e9 m\u00edt probl\u00e9my s porozum\u011bn\u00edm neverb\u00e1ln\u00ed komunikace, jako jsou gesta, mimika a t\u00f3n hlasu. To m\u016f\u017ee v\u00e9st k nedorozum\u011bn\u00edm a probl\u00e9m\u016fm v komunikaci s ostatn\u00edmi.<\/p>\n<p>Dal\u0161\u00edm v<\/p>\n<\/div>\n<div class='topic'>\n<h2>&#8211; P\u0159ehled nej\u010dast\u011bj\u0161\u00edch p\u0159\u00edznak\u016f, jako jsou probl\u00e9my s komunikac\u00ed a soci\u00e1ln\u00ed interakc\u00ed, opakuj\u00edc\u00ed se chov\u00e1n\u00ed a omezen\u00e9 z\u00e1jmy.<\/h2>\n<p>Autismus je neurov\u00fdvojov\u00e1 porucha, kter\u00e1 ovliv\u0148uje komunikaci, soci\u00e1ln\u00ed interakci a chov\u00e1n\u00ed jedince. Tato porucha se projevuje ji\u017e v ran\u00e9m d\u011btstv\u00ed a m\u016f\u017ee m\u00edt r\u016fzn\u00e9 stupn\u011b z\u00e1va\u017enosti. Neexistuje jednotn\u00fd p\u0159\u00edznak, kter\u00fd by byl charakteristick\u00fd pro v\u0161echny jedince s autismem, ale existuje n\u011bkolik nej\u010dast\u011bj\u0161\u00edch p\u0159\u00edznak\u016f, kter\u00e9 mohou pomoci v\u010dasn\u00e9mu rozpozn\u00e1n\u00ed t\u00e9to poruchy.<\/p>\n<p>Probl\u00e9my s komunikac\u00ed jsou jedn\u00edm z hlavn\u00edch p\u0159\u00edznak\u016f autismu. D\u011bti s touto poruchou maj\u00ed \u010dasto probl\u00e9my s porozum\u011bn\u00edm verb\u00e1ln\u00edho i neverb\u00e1ln\u00edho komunika\u010dn\u00edho prost\u0159ed\u00ed. Mohou m\u00edt probl\u00e9my s porozum\u011bn\u00edm \u0159e\u010di, sestavov\u00e1n\u00edm v\u011bt, nebo mohou m\u00edt omezenou slovn\u00ed z\u00e1sobu. N\u011bkdy mohou m\u00edt tak\u00e9 probl\u00e9my s porozum\u011bn\u00edm emoc\u00ed a n<\/p>\n<\/div>\n<div class='topic'>\n<h2>&#8211; D\u016fle\u017eitost v\u010dasn\u00e9ho rozpozn\u00e1n\u00ed a diagnostiky pro lep\u0161\u00ed zvl\u00e1d\u00e1n\u00ed a podporu jedince s autismem.<\/h2>\n<p>Autismus je neurov\u00fdvojov\u00e9 onemocn\u011bn\u00ed, kter\u00e9 ovliv\u0148uje komunikaci, soci\u00e1ln\u00ed interakci a chov\u00e1n\u00ed jedince. Jedn\u00e1 se o poruchu, kter\u00e1 se projevuje ji\u017e v ran\u00e9m d\u011btstv\u00ed a m\u016f\u017ee m\u00edt r\u016fzn\u00e9 formy a stupn\u011b z\u00e1va\u017enosti. Pro jedince s autismem je d\u016fle\u017eit\u00e9, aby bylo jejich onemocn\u011bn\u00ed co nejd\u0159\u00edve rozpozn\u00e1no a diagnostikov\u00e1no, aby mohli z\u00edskat adekv\u00e1tn\u00ed podporu a l\u00e9\u010dbu.<\/p>\n<p>V\u010dasn\u00e9 rozpozn\u00e1n\u00ed a diagnostika autismu jsou kl\u00ed\u010dov\u00e9 pro lep\u0161\u00ed zvl\u00e1d\u00e1n\u00ed a podporu jedince s touto poruchou. \u010c\u00edm d\u0159\u00edve je autismus diagnostikov\u00e1n, t\u00edm d\u0159\u00edve m\u016f\u017ee b\u00fdt zah\u00e1jena terapie a podpora, kter\u00e1 pom\u016f\u017ee jedinci v jeho dal\u0161\u00edm v\u00fdvoji a zvl\u00e1d\u00e1n\u00ed ka\u017edodenn\u00edch situac\u00ed.<\/p>\n<p>Jedn\u00edm z hlavn\u00edch d\u016fvod\u016f, pro\u010d je d\u016fle\u017eit\u00e9 autismus co ne<\/p>\n<\/div>\n<div class='topic'>\n<h2><\/h2>\n<p>\u010cesk\u00e1 kuchyn\u011b je jednou z nejstar\u0161\u00edch a nejbohat\u0161\u00edch kuchyn\u00ed v Evrop\u011b. Jej\u00ed ko\u0159eny sahaj\u00ed a\u017e do 9. stolet\u00ed, kdy se za\u010daly formovat prvn\u00ed tradi\u010dn\u00ed pokrmy. \u010cesk\u00e1 kuchyn\u011b je ovlivn\u011bna p\u0159edev\u0161\u00edm st\u0159edoevropskou kuchyn\u00ed, ale najdeme v n\u00ed i prvky z n\u011bmeck\u00e9, rakousk\u00e9, ma\u010farsk\u00e9 a \u017eidovsk\u00e9 kuchyn\u011b.<\/p>\n<p>Hlavn\u00edmi surovinami \u010desk\u00e9 kuchyn\u011b jsou brambory, maso, zelenina, ml\u00e9\u010dn\u00e9 v\u00fdrobky a obiloviny. V\u011bt\u0161ina pokrm\u016f je pom\u011brn\u011b jednoduch\u00e1, ale velmi chutn\u00e1 a s vysokou v\u00fd\u017eivovou hodnotou. Mezi nejzn\u00e1m\u011bj\u0161\u00ed \u010desk\u00e9 speciality pat\u0159\u00ed vep\u0159ov\u00e1 pe\u010den\u011b s knedl\u00edky, gul\u00e1\u0161, sv\u00ed\u010dkov\u00e1 na smetan\u011b, brambor\u00e1ky, sma\u017een\u00fd s\u00fdr a tradi\u010dn\u00ed \u010desk<\/p>\n<\/div>\n<div class='topic'>\n<h2>Jak\u00e9 jsou rizikov\u00e9 faktory pro vznik autismu?<\/h2>\n<p>Autismus je neurov\u00fdvojov\u00e1 porucha, kter\u00e1 se projevuje v poru\u0161en\u00ed soci\u00e1ln\u00ed interakce, komunikace a chov\u00e1n\u00ed. P\u0159esn\u00e1 p\u0159\u00ed\u010dina vzniku autismu nen\u00ed zat\u00edm zn\u00e1ma, ale v\u011bdci se shoduj\u00ed, \u017ee existuje mnoho rizikov\u00fdch faktor\u016f, kter\u00e9 mohou hr\u00e1t roli v jeho v\u00fdvoji.<\/p>\n<p>Jedn\u00edm z hlavn\u00edch rizikov\u00fdch faktor\u016f pro vznik autismu je genetick\u00e1 predispozice. Studie ukazuj\u00ed, \u017ee d\u011bti, jejich\u017e rodina m\u00e1 v historii p\u0159\u00edpady autismu, maj\u00ed vy\u0161\u0161\u00ed pravd\u011bpodobnost, \u017ee samy budou m\u00edt tuto poruchu. V\u00fdzkumy tak\u00e9 ukazuj\u00ed, \u017ee dvoj\u010data maj\u00ed vy\u0161\u0161\u00ed \u0161anci na v\u00fdskyt autismu, ne\u017e jednovaje\u010dn\u00e1 dvoj\u010data. To nazna\u010duje, \u017ee genetick\u00e9 faktory mohou hr\u00e1t d\u016fle\u017eitou roli v rozvoji t\u00e9to poruchy.<\/p>\n<p>Dal\u0161\u00edm rizikov\u00fdm faktorem je vliv prost\u0159ed\u00ed. P<\/p>\n<\/div>\n<div class='topic'>\n<h2>&#8211; P\u0159ehled genetick\u00fdch a environment\u00e1ln\u00edch faktor\u016f, kter\u00e9 mohou hr\u00e1t roli v rozvoji autismu.<\/h2>\n<p>Autismus je neurov\u00fdvojov\u00e1 porucha, kter\u00e1 ovliv\u0148uje komunikaci, soci\u00e1ln\u00ed interakci a chov\u00e1n\u00ed jedince. Tato porucha se projevuje ji\u017e v ran\u00e9m d\u011btstv\u00ed a m\u016f\u017ee m\u00edt r\u016fzn\u00e9 formy a z\u00e1va\u017enosti. P\u0159esn\u00e9 p\u0159\u00ed\u010diny autismu nejsou zcela zn\u00e1my, ale v\u011bdci se shoduj\u00ed na tom, \u017ee vznik t\u00e9to poruchy je zp\u016fsoben kombinac\u00ed genetick\u00fdch a environment\u00e1ln\u00edch faktor\u016f.<\/p>\n<p>Genetick\u00e9 faktory hraj\u00ed v\u00fdznamnou roli v rozvoji autismu. Studie ukazuj\u00ed, \u017ee d\u011bdi\u010dnost m\u016f\u017ee b\u00fdt p\u0159\u00ed\u010dinou a\u017e 90 % p\u0159\u00edpad\u016f autismu. To znamen\u00e1, \u017ee pokud m\u00e1 jedno z rodi\u010d\u016f autismus, je velk\u00e1 pravd\u011bpodobnost, \u017ee se tato porucha p\u0159enese na jejich potomka. V\u011bdci se zam\u011b\u0159uj\u00ed na hled\u00e1n\u00ed konkr\u00e9tn\u00edch gen\u016f, kter\u00e9 mohou b\u00fdt spojeny s v\u00fdskytem autismu. Zat\u00edm bylo identifik<\/p>\n<\/div>\n<div class='topic'>\n<h2>&#8211; Vysv\u011btlen\u00ed, \u017ee p\u0159esn\u00e9 p\u0159\u00ed\u010diny autismu nejsou zat\u00edm zn\u00e1my a v\u00fdzkum v t\u00e9to oblasti st\u00e1le prob\u00edh\u00e1.<\/h2>\n<p>Autismus je neurov\u00fdvojov\u00e9 onemocn\u011bn\u00ed, kter\u00e9 ovliv\u0148uje komunikaci a soci\u00e1ln\u00ed interakci jedince. P\u0159esn\u00e9 p\u0159\u00ed\u010diny tohoto onemocn\u011bn\u00ed nejsou zat\u00edm zn\u00e1my a v\u00fdzkum v t\u00e9to oblasti st\u00e1le prob\u00edh\u00e1. V\u011bdci se sna\u017e\u00ed porozum\u011bt, co zp\u016fsobuje autismus a jak ho l\u00e9pe diagnostikovat a l\u00e9\u010dit.<\/p>\n<p>Jedn\u00edm z hlavn\u00edch d\u016fvod\u016f, pro\u010d jsou p\u0159\u00ed\u010diny autismu st\u00e1le nezn\u00e1m\u00e9, je slo\u017eitost tohoto onemocn\u011bn\u00ed. Autismus se projevuje r\u016fzn\u00fdmi zp\u016fsoby a ka\u017ed\u00fd jedinec s touto poruchou m\u00e1 sv\u00e9 vlastn\u00ed individu\u00e1ln\u00ed pot\u0159eby a schopnosti. To znamen\u00e1, \u017ee nen\u00ed mo\u017en\u00e9 naj\u00edt jednu konkr\u00e9tn\u00ed p\u0159\u00ed\u010dinu, kter\u00e1 by vysv\u011btlila v\u0161echny p\u0159\u00edpady autismu.<\/p>\n<p>V sou\u010dasn\u00e9 dob\u011b se v\u011bdci zam\u011b\u0159uj\u00ed na genetick\u00e9 faktory, kter\u00e9 mohou hr\u00e1t<\/p>\n<\/div>\n<div class='topic'>\n<h2>&#8211; D\u016fle\u017eitost prevence a podpory rodin s rizikov\u00fdmi faktory pro vznik autismu.<\/h2>\n<p>Autismus je neurov\u00fdvojov\u00e9 onemocn\u011bn\u00ed, kter\u00e9 ovliv\u0148uje komunikaci, soci\u00e1ln\u00ed interakci a chov\u00e1n\u00ed jedince. Toto onemocn\u011bn\u00ed se projevuje ji\u017e v ran\u00e9m d\u011btstv\u00ed a m\u016f\u017ee m\u00edt v\u00fdrazn\u00fd dopad na cel\u00fd \u017eivot jedince i jeho rodiny. V sou\u010dasn\u00e9 dob\u011b se st\u00e1le v\u00edce hovo\u0159\u00ed o d\u016fle\u017eitosti prevence a podpory rodin s rizikov\u00fdmi faktory pro vznik autismu.<\/p>\n<p>Prevence je kl\u00ed\u010dov\u00fdm faktorem v boji proti autismu. V\u011bdci se shoduj\u00ed, \u017ee genetick\u00e9 faktory hraj\u00ed v\u00fdznamnou roli v rozvoji tohoto onemocn\u011bn\u00ed, ale tak\u00e9 se ukazuje, \u017ee prost\u0159ed\u00ed a \u017eivotn\u00ed styl mohou hr\u00e1t d\u016fle\u017eitou roli. Proto je d\u016fle\u017eit\u00e9, aby se rodiny s rizikov\u00fdmi faktory pro vznik autismu zam\u011b\u0159ily na prevenci a minimalizovaly mo\u017en\u00e9 rizikov\u00e9 faktory.<\/p>\n<p>Mezi rizikov\u00e9 faktory pro vznik autism<\/p>\n<\/div>\n<div class='topic'>\n<h2><\/h2>\n<p>\u010cesk\u00e1 kuchyn\u011b je jednou z nejstar\u0161\u00edch a nejbohat\u0161\u00edch kuchyn\u00ed v Evrop\u011b. Jej\u00ed ko\u0159eny sahaj\u00ed a\u017e do 9. stolet\u00ed, kdy se za\u010daly formovat prvn\u00ed tradi\u010dn\u00ed pokrmy. \u010cesk\u00e1 kuchyn\u011b je ovlivn\u011bna p\u0159edev\u0161\u00edm st\u0159edoevropskou kuchyn\u00ed, ale najdeme v n\u00ed i prvky z n\u011bmeck\u00e9, rakousk\u00e9, ma\u010farsk\u00e9 a \u017eidovsk\u00e9 kuchyn\u011b.<\/p>\n<p>Hlavn\u00edmi surovinami \u010desk\u00e9 kuchyn\u011b jsou brambory, maso, zelenina, ml\u00e9\u010dn\u00e9 v\u00fdrobky a obiloviny. V\u011bt\u0161ina pokrm\u016f je pom\u011brn\u011b jednoduch\u00e1, ale velmi chutn\u00e1 a s vysokou v\u00fd\u017eivovou hodnotou. Mezi nejzn\u00e1m\u011bj\u0161\u00ed \u010desk\u00e9 speciality pat\u0159\u00ed vep\u0159ov\u00e1 pe\u010den\u011b s knedl\u00edky, gul\u00e1\u0161, sv\u00ed\u010dkov\u00e1 na smetan\u011b, brambor\u00e1ky, sma\u017een\u00fd s\u00fdr a tradi\u010dn\u00ed \u010desk<\/p>\n<\/div>\n<div class='topic'>\n<h2>Jak prob\u00edh\u00e1 diagnostika autismu?<\/h2>\n<p>Diagnostika autismu je proces, kter\u00fdm se zji\u0161\u0165uje p\u0159\u00edtomnost tohoto neurov\u00fdvojov\u00e9ho poruchy u jedince. Jedn\u00e1 se o slo\u017eit\u00fd a d\u016fle\u017eit\u00fd krok, kter\u00fd umo\u017e\u0148uje poskytnout spr\u00e1vnou p\u00e9\u010di a podporu pro osoby s autismem.<\/p>\n<p>Prvn\u00edm krokem v diagnostice autismu je pozorov\u00e1n\u00ed chov\u00e1n\u00ed a komunikace jedince. Toto pozorov\u00e1n\u00ed m\u016f\u017ee b\u00fdt provedeno rodinn\u00fdmi p\u0159\u00edslu\u0161n\u00edky, u\u010diteli, l\u00e9ka\u0159i nebo psychologem. D\u016fle\u017eit\u00e9 je, aby pozorov\u00e1n\u00ed prob\u00edhalo v r\u016fzn\u00fdch prost\u0159ed\u00edch, jako je domov, \u0161kola nebo ve\u0159ejn\u00e9 m\u00edsto, aby bylo mo\u017en\u00e9 z\u00edskat co nejkomplexn\u011bj\u0161\u00ed p\u0159ehled o chov\u00e1n\u00ed jedince.<\/p>\n<p>Dal\u0161\u00edm krokem je proveden\u00ed standardizovan\u00fdch test\u016f a dotazn\u00edk\u016f, kter\u00e9 jsou navr\u017eeny speci\u00e1ln\u011b pro diagnostiku autismu. Tyto testy se zam\u011b\u0159uj\u00ed na r\u016fzn\u00e9 oblasti, jako je komunikace, soci\u00e1ln\u00ed interak<\/p>\n<\/div>\n<div class='topic'>\n<h2>&#8211; Vysv\u011btlen\u00ed, \u017ee diagn\u00f3<\/h2>\n<p>Diagn\u00f3za je proces, kter\u00fdm l\u00e9ka\u0159i ur\u010duj\u00ed p\u0159\u00ed\u010dinu a povahu onemocn\u011bn\u00ed u pacienta. Tento proces je zalo\u017een na d\u016fkladn\u00e9m vy\u0161et\u0159en\u00ed a anal\u00fdze p\u0159\u00edznak\u016f, kter\u00e9 pacient projevuje. Diagn\u00f3za je kl\u00ed\u010dov\u00fdm krokem v l\u00e9\u010debn\u00e9m procesu, proto\u017ee na z\u00e1klad\u011b n\u00ed je stanovena vhodn\u00e1 l\u00e9\u010dba.<\/p>\n<p>Existuje mnoho r\u016fzn\u00fdch typ\u016f diagn\u00f3z, v z\u00e1vislosti na oboru medic\u00edny a typu onemocn\u011bn\u00ed. Nap\u0159\u00edklad vnit\u0159n\u00ed l\u00e9ka\u0159stv\u00ed se zam\u011b\u0159uje na diagn\u00f3zu onemocn\u011bn\u00ed vnit\u0159n\u00edch org\u00e1n\u016f, zat\u00edmco chirurgie se zab\u00fdv\u00e1 diagn\u00f3zou poran\u011bn\u00ed a stav\u016f, kter\u00e9 vy\u017eaduj\u00ed chirurgick\u00fd z\u00e1krok.<\/p>\n<p>Proces diagn\u00f3zy za\u010d\u00edn\u00e1 d\u016fkladn\u00fdm rozhovorem s pacientem, kde l\u00e9ka\u0159 zji\u0161\u0165uje jeho anamn\u00e9zu, tedy p\u0159edchoz\u00ed zdravotn\u00ed stav, d\u011bdi\u010dn\u00e9 nem<\/p>\n<\/div>\n<\/div>\n","protected":false},"excerpt":{"rendered":"<p>Co je autismus a jak\u00e9 jsou jeho p\u0159\u00edznaky? Autismus je neurov\u00fdvojov\u00e1 porucha, kter\u00e1 ovliv\u0148uje komunikaci a soci\u00e1ln\u00ed interakci jedince. Tato porucha se projevuje ji\u017e v&#8230;<\/p>\n","protected":false},"author":1,"featured_media":0,"comment_status":"","ping_status":"open","sticky":false,"template":"","format":"standard","meta":{"inline_featured_image":false},"categories":[849],"tags":[],"yoast_head":"<!-- This site is optimized with the Yoast SEO plugin v18.1 - https:\/\/yoast.com\/wordpress\/plugins\/seo\/ -->\n<title>Jak rozpoznat autismus - Test Mysli<\/title>\n<meta name=\"robots\" content=\"index, follow, max-snippet:-1, max-image-preview:large, max-video-preview:-1\" \/>\n<link rel=\"canonical\" href=\"https:\/\/www.diagnostika-mysli.cz\/blog\/autismus\/jak-rozpoznat-autismus\/\" \/>\n<meta property=\"og:locale\" content=\"cs_CZ\" \/>\n<meta property=\"og:type\" content=\"article\" \/>\n<meta property=\"og:title\" content=\"Jak rozpoznat autismus - Test Mysli\" \/>\n<meta property=\"og:description\" content=\"Co je autismus a jak\u00e9 jsou jeho p\u0159\u00edznaky? Autismus je neurov\u00fdvojov\u00e1 porucha, kter\u00e1 ovliv\u0148uje komunikaci a soci\u00e1ln\u00ed interakci jedince. Tato porucha se projevuje ji\u017e v...\" \/>\n<meta property=\"og:url\" content=\"https:\/\/www.diagnostika-mysli.cz\/blog\/autismus\/jak-rozpoznat-autismus\/\" \/>\n<meta property=\"og:site_name\" content=\"Test Mysli\" \/>\n<meta property=\"article:published_time\" content=\"2025-06-30T01:25:40+00:00\" \/>\n<meta name=\"twitter:card\" content=\"summary_large_image\" \/>\n<meta name=\"twitter:label1\" content=\"Napsal(a)\" \/>\n\t<meta name=\"twitter:data1\" content=\"Test Mysli\" \/>\n\t<meta name=\"twitter:label2\" content=\"Odhadovan\u00e1 doba \u010dten\u00ed\" \/>\n\t<meta name=\"twitter:data2\" content=\"9 minut\" \/>\n<script type=\"application\/ld+json\" class=\"yoast-schema-graph\">{\"@context\":\"https:\/\/schema.org\",\"@graph\":[{\"@type\":\"WebSite\",\"@id\":\"https:\/\/www.diagnostika-mysli.cz\/blog\/#website\",\"url\":\"https:\/\/www.diagnostika-mysli.cz\/blog\/\",\"name\":\"Test Mysli\",\"description\":\"Blog o poruch\u00e1ch mysli\",\"potentialAction\":[{\"@type\":\"SearchAction\",\"target\":{\"@type\":\"EntryPoint\",\"urlTemplate\":\"https:\/\/www.diagnostika-mysli.cz\/blog\/?s={search_term_string}\"},\"query-input\":\"required name=search_term_string\"}],\"inLanguage\":\"cs\"},{\"@type\":\"WebPage\",\"@id\":\"https:\/\/www.diagnostika-mysli.cz\/blog\/autismus\/jak-rozpoznat-autismus\/#webpage\",\"url\":\"https:\/\/www.diagnostika-mysli.cz\/blog\/autismus\/jak-rozpoznat-autismus\/\",\"name\":\"Jak rozpoznat autismus - Test Mysli\",\"isPartOf\":{\"@id\":\"https:\/\/www.diagnostika-mysli.cz\/blog\/#website\"},\"datePublished\":\"2025-06-30T01:25:40+00:00\",\"dateModified\":\"2025-06-30T01:25:40+00:00\",\"author\":{\"@id\":\"https:\/\/www.diagnostika-mysli.cz\/blog\/#\/schema\/person\/8eb1bcaf59fea75c780c11946f4e3490\"},\"breadcrumb\":{\"@id\":\"https:\/\/www.diagnostika-mysli.cz\/blog\/autismus\/jak-rozpoznat-autismus\/#breadcrumb\"},\"inLanguage\":\"cs\",\"potentialAction\":[{\"@type\":\"ReadAction\",\"target\":[\"https:\/\/www.diagnostika-mysli.cz\/blog\/autismus\/jak-rozpoznat-autismus\/\"]}]},{\"@type\":\"BreadcrumbList\",\"@id\":\"https:\/\/www.diagnostika-mysli.cz\/blog\/autismus\/jak-rozpoznat-autismus\/#breadcrumb\",\"itemListElement\":[{\"@type\":\"ListItem\",\"position\":1,\"name\":\"Blog\",\"item\":\"https:\/\/www.diagnostika-mysli.cz\/blog\/\"},{\"@type\":\"ListItem\",\"position\":2,\"name\":\"Autismus\",\"item\":\"https:\/\/www.diagnostika-mysli.cz\/blog\/autismus\/\"},{\"@type\":\"ListItem\",\"position\":3,\"name\":\"Jak rozpoznat autismus\"}]},{\"@type\":\"Person\",\"@id\":\"https:\/\/www.diagnostika-mysli.cz\/blog\/#\/schema\/person\/8eb1bcaf59fea75c780c11946f4e3490\",\"name\":\"Test Mysli\",\"image\":{\"@type\":\"ImageObject\",\"@id\":\"https:\/\/www.diagnostika-mysli.cz\/blog\/#personlogo\",\"inLanguage\":\"cs\",\"url\":\"https:\/\/secure.gravatar.com\/avatar\/6743211f010801ea26aa9423a2daab37?s=96&d=mm&r=g\",\"contentUrl\":\"https:\/\/secure.gravatar.com\/avatar\/6743211f010801ea26aa9423a2daab37?s=96&d=mm&r=g\",\"caption\":\"Test Mysli\"},\"sameAs\":[\"https:\/\/www.diagnostika-mysli.cz\/blog\"],\"url\":\"https:\/\/www.diagnostika-mysli.cz\/blog\/author\/diagnostyka-umyslu\/\"}]}<\/script>\n<!-- \/ Yoast SEO plugin. -->","yoast_head_json":{"title":"Jak rozpoznat autismus - Test Mysli","robots":{"index":"index","follow":"follow","max-snippet":"max-snippet:-1","max-image-preview":"max-image-preview:large","max-video-preview":"max-video-preview:-1"},"canonical":"https:\/\/www.diagnostika-mysli.cz\/blog\/autismus\/jak-rozpoznat-autismus\/","og_locale":"cs_CZ","og_type":"article","og_title":"Jak rozpoznat autismus - Test Mysli","og_description":"Co je autismus a jak\u00e9 jsou jeho p\u0159\u00edznaky? Autismus je neurov\u00fdvojov\u00e1 porucha, kter\u00e1 ovliv\u0148uje komunikaci a soci\u00e1ln\u00ed interakci jedince. Tato porucha se projevuje ji\u017e v...","og_url":"https:\/\/www.diagnostika-mysli.cz\/blog\/autismus\/jak-rozpoznat-autismus\/","og_site_name":"Test Mysli","article_published_time":"2025-06-30T01:25:40+00:00","twitter_card":"summary_large_image","twitter_misc":{"Napsal(a)":"Test Mysli","Odhadovan\u00e1 doba \u010dten\u00ed":"9 minut"},"schema":{"@context":"https:\/\/schema.org","@graph":[{"@type":"WebSite","@id":"https:\/\/www.diagnostika-mysli.cz\/blog\/#website","url":"https:\/\/www.diagnostika-mysli.cz\/blog\/","name":"Test Mysli","description":"Blog o poruch\u00e1ch mysli","potentialAction":[{"@type":"SearchAction","target":{"@type":"EntryPoint","urlTemplate":"https:\/\/www.diagnostika-mysli.cz\/blog\/?s={search_term_string}"},"query-input":"required name=search_term_string"}],"inLanguage":"cs"},{"@type":"WebPage","@id":"https:\/\/www.diagnostika-mysli.cz\/blog\/autismus\/jak-rozpoznat-autismus\/#webpage","url":"https:\/\/www.diagnostika-mysli.cz\/blog\/autismus\/jak-rozpoznat-autismus\/","name":"Jak rozpoznat autismus - Test Mysli","isPartOf":{"@id":"https:\/\/www.diagnostika-mysli.cz\/blog\/#website"},"datePublished":"2025-06-30T01:25:40+00:00","dateModified":"2025-06-30T01:25:40+00:00","author":{"@id":"https:\/\/www.diagnostika-mysli.cz\/blog\/#\/schema\/person\/8eb1bcaf59fea75c780c11946f4e3490"},"breadcrumb":{"@id":"https:\/\/www.diagnostika-mysli.cz\/blog\/autismus\/jak-rozpoznat-autismus\/#breadcrumb"},"inLanguage":"cs","potentialAction":[{"@type":"ReadAction","target":["https:\/\/www.diagnostika-mysli.cz\/blog\/autismus\/jak-rozpoznat-autismus\/"]}]},{"@type":"BreadcrumbList","@id":"https:\/\/www.diagnostika-mysli.cz\/blog\/autismus\/jak-rozpoznat-autismus\/#breadcrumb","itemListElement":[{"@type":"ListItem","position":1,"name":"Blog","item":"https:\/\/www.diagnostika-mysli.cz\/blog\/"},{"@type":"ListItem","position":2,"name":"Autismus","item":"https:\/\/www.diagnostika-mysli.cz\/blog\/autismus\/"},{"@type":"ListItem","position":3,"name":"Jak rozpoznat autismus"}]},{"@type":"Person","@id":"https:\/\/www.diagnostika-mysli.cz\/blog\/#\/schema\/person\/8eb1bcaf59fea75c780c11946f4e3490","name":"Test Mysli","image":{"@type":"ImageObject","@id":"https:\/\/www.diagnostika-mysli.cz\/blog\/#personlogo","inLanguage":"cs","url":"https:\/\/secure.gravatar.com\/avatar\/6743211f010801ea26aa9423a2daab37?s=96&d=mm&r=g","contentUrl":"https:\/\/secure.gravatar.com\/avatar\/6743211f010801ea26aa9423a2daab37?s=96&d=mm&r=g","caption":"Test Mysli"},"sameAs":["https:\/\/www.diagnostika-mysli.cz\/blog"],"url":"https:\/\/www.diagnostika-mysli.cz\/blog\/author\/diagnostyka-umyslu\/"}]}},"amp_enabled":true,"_links":{"self":[{"href":"https:\/\/www.diagnostika-mysli.cz\/blog\/wp-json\/wp\/v2\/posts\/3390"}],"collection":[{"href":"https:\/\/www.diagnostika-mysli.cz\/blog\/wp-json\/wp\/v2\/posts"}],"about":[{"href":"https:\/\/www.diagnostika-mysli.cz\/blog\/wp-json\/wp\/v2\/types\/post"}],"author":[{"embeddable":true,"href":"https:\/\/www.diagnostika-mysli.cz\/blog\/wp-json\/wp\/v2\/users\/1"}],"replies":[{"embeddable":true,"href":"https:\/\/www.diagnostika-mysli.cz\/blog\/wp-json\/wp\/v2\/comments?post=3390"}],"version-history":[{"count":0,"href":"https:\/\/www.diagnostika-mysli.cz\/blog\/wp-json\/wp\/v2\/posts\/3390\/revisions"}],"wp:attachment":[{"href":"https:\/\/www.diagnostika-mysli.cz\/blog\/wp-json\/wp\/v2\/media?parent=3390"}],"wp:term":[{"taxonomy":"category","embeddable":true,"href":"https:\/\/www.diagnostika-mysli.cz\/blog\/wp-json\/wp\/v2\/categories?post=3390"},{"taxonomy":"post_tag","embeddable":true,"href":"https:\/\/www.diagnostika-mysli.cz\/blog\/wp-json\/wp\/v2\/tags?post=3390"}],"curies":[{"name":"wp","href":"https:\/\/api.w.org\/{rel}","templated":true}]}}